{"provider_url": "https://www.canta.rr.leg.br", "title": "I FESTIVAL  DA  AMAZ\u00d4NIA", "html": "<p>\ud83c\udf33Neste dia 06 de setembro, aconteceu a abertura do I Festival da Amaz\u00f4nia Cant\u00e1-RR, evento realizado pela Prefeitura de Cant\u00e1, por meio da Secretaria Municipal de Meio Ambiente.</p>\r\n<p>\ud83c\udf33Durante o evento estiverem presentes a Presidente da C\u00e2mara Roberta Peixoto, vereadores \u00edtalo Vogel e Lucivaldo Alves, representantes do Minist\u00e9rio P\u00fablico, Prefeito Andr\u00e9 Castro e os demais Secret\u00e1rios do municipais.</p>\r\n<p>\ud83c\udf33O evento refor\u00e7a a import\u00e2ncia de preservar e cuidar da maior reserva natural do planeta, a Amaz\u00f4nia, e a sua import\u00e2ncia ao meio ambiente.</p>\r\n<p>\ud83c\udf33No entanto o Festival conta com uma programa\u00e7\u00e3o durante o dia e a noite. Durante o dia ser\u00e3o ofertados aos mun\u00edcipes os servi\u00e7os realizados pela Secretaria Municipal de Meio Ambiente e algumas institui\u00e7\u00f5es parceiras;<br />FEMARH, SENAR, SEBRAE, IATER, ADER, SEMMA e DESENVOLVER, com o objetivo de trazer informa\u00e7\u00f5es e servi\u00e7os aos moradores.<br />.<br />.<br />#MeioAmbiente #ReservaNatural #Amaz\u00f4nia #Cuidar #Preservar <br />#Floresta #Amor</p>", "author_name": "", "version": "1.0", "author_url": "https://www.canta.rr.leg.br/author/adm", "provider_name": "C\u00e2mara Municipal de Cant\u00e1", "type": "rich"}