{"provider_url": "https://www.canta.rr.leg.br", "title": "2\u00aa SESS\u00c3O ORDIN\u00c1RIA", "html": "<p><strong>C\u00e2mara Municipal de Cant\u00e1 realizar\u00e1 sess\u00e3o nesta ter\u00e7a-feira (10)</strong></p>\r\n<p>A C\u00e2mara Municipal de Cant\u00e1 realizar\u00e1, nesta ter\u00e7a-feira, 10 de mar\u00e7o, mais uma sess\u00e3o ordin\u00e1ria no plen\u00e1rio da Casa Legislativa. A reuni\u00e3o est\u00e1 marcada para come\u00e7ar \u00e0s 9h e ser\u00e1 aberta \u00e0 participa\u00e7\u00e3o da popula\u00e7\u00e3o.</p>\r\n<p>Durante a sess\u00e3o, os vereadores ir\u00e3o discutir temas de interesse do munic\u00edpio, al\u00e9m de analisar mat\u00e9rias e propostas voltadas ao desenvolvimento de Cant\u00e1. As sess\u00f5es legislativas s\u00e3o momentos importantes para o debate p\u00fablico e para a tomada de decis\u00f5es que impactam diretamente a comunidade.</p>\r\n<p>A C\u00e2mara Municipal refor\u00e7a o convite para que os cidad\u00e3os acompanhem os trabalhos do Legislativo e participem ativamente da vida pol\u00edtica do munic\u00edpio.</p>\r\n<p><strong>Servi\u00e7o</strong><br /><strong>Data:</strong> 10 de mar\u00e7o (ter\u00e7a-feira)<br /><strong>Hor\u00e1rio:</strong> 9h<br /><strong>Local:</strong> Plen\u00e1rio da C\u00e2mara Municipal de Cant\u00e1</p>", "author_name": "", "version": "1.0", "author_url": "https://www.canta.rr.leg.br/author/adm", "provider_name": "C\u00e2mara Municipal de Cant\u00e1", "type": "rich"}